{"id":172,"date":"2020-02-21T20:00:00","date_gmt":"2020-02-21T19:00:00","guid":{"rendered":"http:\/\/www.svenwittig.de\/?p=172"},"modified":"2026-04-28T17:33:05","modified_gmt":"2026-04-28T16:33:05","slug":"am-kommenden-freitag","status":"publish","type":"post","link":"https:\/\/www.svenwittig.de\/?p=172","title":{"rendered":"+++ aktuelle Info`s +++"},"content":{"rendered":"\n<div class=\"wp-block-group\"><div class=\"wp-block-group__inner-container is-layout-flow wp-block-group-is-layout-flow\">\n<p>&nbsp;<\/p>\n<p><img loading=\"lazy\" decoding=\"async\" class=\"alignright wp-image-271 size-full\" src=\"http:\/\/www.svenwittig.de\/wp-content\/uploads\/2020\/02\/Screenshot_20240211_155539_WhatsApp-2-e1707664200533.jpg\" alt=\"R-Klasse (WhatsApp)\" width=\"100\" height=\"101\" \/><\/p>\n<p><span style=\"color: #808080;\">Hallo Freunde,<\/span><\/p>\n<p><span style=\"color: #808080;\">Unser n\u00e4chstes Klassentreffen findet <\/span><span style=\"color: #808080;\">am <\/span><\/p>\n<p><span style=\"color: #3366ff;\"><strong>19.\/20.09.2026 <\/strong><\/span><span style=\"color: #808080;\">statt !!!<\/span><\/p>\n<p style=\"text-align: left;\"><span style=\"color: #808080;\">Bis dahin allen eine sch\u00f6ne Zeit&#8230;<\/span><\/p>\n<p style=\"text-align: right;\"><span style=\"color: #808080;\">Uns gibt`s \u00fcbrigens auch bei <a style=\"color: #808080;\" href=\"https:\/\/t.me\/joinchat\/eRHpa90ekHNhM2Q6\">Telegramm<\/a>..<\/span>.<\/p>\n<p><a href=\"http:\/\/www.svenwittig.de\/wp-content\/uploads\/2024\/12\/rklasse_fpfk.jpg\"><img loading=\"lazy\" decoding=\"async\" class=\"alignleft wp-image-275 size-full\" src=\"http:\/\/www.svenwittig.de\/wp-content\/uploads\/2024\/12\/rklasse_fpfk.jpg\" alt=\"\" width=\"2170\" height=\"755\" srcset=\"https:\/\/www.svenwittig.de\/wp-content\/uploads\/2024\/12\/rklasse_fpfk.jpg 2170w, https:\/\/www.svenwittig.de\/wp-content\/uploads\/2024\/12\/rklasse_fpfk-300x104.jpg 300w, https:\/\/www.svenwittig.de\/wp-content\/uploads\/2024\/12\/rklasse_fpfk-1024x356.jpg 1024w, https:\/\/www.svenwittig.de\/wp-content\/uploads\/2024\/12\/rklasse_fpfk-768x267.jpg 768w, https:\/\/www.svenwittig.de\/wp-content\/uploads\/2024\/12\/rklasse_fpfk-1536x534.jpg 1536w, https:\/\/www.svenwittig.de\/wp-content\/uploads\/2024\/12\/rklasse_fpfk-2048x713.jpg 2048w, https:\/\/www.svenwittig.de\/wp-content\/uploads\/2024\/12\/rklasse_fpfk-500x174.jpg 500w\" sizes=\"auto, (max-width: 2170px) 100vw, 2170px\" \/><\/a><\/p>\n<p><span style=\"color: #808080;\">Beste Gr\u00fc\u00dfe vom Organisationsteam!<\/span><\/p>\n<\/div><\/div>\n\n\n\n<p><\/p>\n","protected":false},"excerpt":{"rendered":"<p>&nbsp; Hallo Freunde, Unser n\u00e4chstes Klassentreffen findet am 19.\/20.09.2026 statt !!! Bis dahin allen eine sch\u00f6ne Zeit&#8230; Uns gibt`s \u00fcbrigens auch bei Telegramm&#8230; Beste Gr\u00fc\u00dfe vom Organisationsteam!<\/p>\n","protected":false},"author":1,"featured_media":0,"comment_status":"closed","ping_status":"closed","sticky":true,"template":"","format":"standard","meta":{"footnotes":""},"categories":[3],"tags":[],"class_list":["post-172","post","type-post","status-publish","format-standard","hentry","category-klassentreffen"],"_links":{"self":[{"href":"https:\/\/www.svenwittig.de\/index.php?rest_route=\/wp\/v2\/posts\/172","targetHints":{"allow":["GET"]}}],"collection":[{"href":"https:\/\/www.svenwittig.de\/index.php?rest_route=\/wp\/v2\/posts"}],"about":[{"href":"https:\/\/www.svenwittig.de\/index.php?rest_route=\/wp\/v2\/types\/post"}],"author":[{"embeddable":true,"href":"https:\/\/www.svenwittig.de\/index.php?rest_route=\/wp\/v2\/users\/1"}],"replies":[{"embeddable":true,"href":"https:\/\/www.svenwittig.de\/index.php?rest_route=%2Fwp%2Fv2%2Fcomments&post=172"}],"version-history":[{"count":46,"href":"https:\/\/www.svenwittig.de\/index.php?rest_route=\/wp\/v2\/posts\/172\/revisions"}],"predecessor-version":[{"id":282,"href":"https:\/\/www.svenwittig.de\/index.php?rest_route=\/wp\/v2\/posts\/172\/revisions\/282"}],"wp:attachment":[{"href":"https:\/\/www.svenwittig.de\/index.php?rest_route=%2Fwp%2Fv2%2Fmedia&parent=172"}],"wp:term":[{"taxonomy":"category","embeddable":true,"href":"https:\/\/www.svenwittig.de\/index.php?rest_route=%2Fwp%2Fv2%2Fcategories&post=172"},{"taxonomy":"post_tag","embeddable":true,"href":"https:\/\/www.svenwittig.de\/index.php?rest_route=%2Fwp%2Fv2%2Ftags&post=172"}],"curies":[{"name":"wp","href":"https:\/\/api.w.org\/{rel}","templated":true}]}}